{"id":7765,"date":"2026-04-24T13:40:36","date_gmt":"2026-04-24T16:40:36","guid":{"rendered":"https:\/\/briquedaredencao.com.br\/2024\/?p=7765"},"modified":"2026-04-24T14:15:28","modified_gmt":"2026-04-24T17:15:28","slug":"parabens-brique-da-redencao-pelos-44-anos","status":"publish","type":"post","link":"https:\/\/briquedaredencao.com.br\/2024\/parabens-brique-da-redencao-pelos-44-anos\/","title":{"rendered":"Parab\u00e9ns Brique da Reden\u00e7\u00e3o  !!"},"content":{"rendered":"\t\t<div data-elementor-type=\"wp-post\" data-elementor-id=\"7765\" class=\"elementor elementor-7765\">\n\t\t\t\t<div class=\"elementor-element elementor-element-5c93b0ba e-flex e-con-boxed e-con e-parent\" data-id=\"5c93b0ba\" data-element_type=\"container\">\n\t\t\t\t\t<div class=\"e-con-inner\">\n\t\t\t\t<div class=\"elementor-element elementor-element-438f5335 elementor-widget elementor-widget-text-editor\" data-id=\"438f5335\" data-element_type=\"widget\" data-widget_type=\"text-editor.default\">\n\t\t\t\t<div class=\"elementor-widget-container\">\n\t\t\t<style>\/*! elementor - v3.21.0 - 08-05-2024 *\/\n.elementor-widget-text-editor.elementor-drop-cap-view-stacked .elementor-drop-cap{background-color:#69727d;color:#fff}.elementor-widget-text-editor.elementor-drop-cap-view-framed .elementor-drop-cap{color:#69727d;border:3px solid;background-color:transparent}.elementor-widget-text-editor:not(.elementor-drop-cap-view-default) .elementor-drop-cap{margin-top:8px}.elementor-widget-text-editor:not(.elementor-drop-cap-view-default) .elementor-drop-cap-letter{width:1em;height:1em}.elementor-widget-text-editor .elementor-drop-cap{float:left;text-align:center;line-height:1;font-size:50px}.elementor-widget-text-editor .elementor-drop-cap-letter{display:inline-block}<\/style>\t\t\t\t<p>PARAB\u00c9NS \u00c0 FEIRA DE ARTESANATO DO BOM FIM HOJE BRIQUE DA REDEN\u00c7\u00c3O\u00a0PELOS 44 ANOS!!<\/p><p>A hist\u00f3ria da atual Feira, a mais conhecida do Sul do Brasil, ponto cl\u00e1ssico da cultura ga\u00facha, o \u201cBrique da Reden\u00e7\u00e3o\u201d, Patrim\u00f4nio Cultural do RS desde 26 de outubro de 2005, atrav\u00e9s da Lei n\u00ba 12.344, sancionada pelo ent\u00e3o governador Germano Rigotto, traz at\u00e9 n\u00f3s um registro do esfor\u00e7o e da determina\u00e7\u00e3o de um grupo de artes\u00e3os do pr\u00f3prio bairro.<\/p><p>A idealizadora deste grande projeto foi Berenice Aurora de Medeiros, junto ao seu marido, Paulo Filber, e os artes\u00e3os Panela e S\u00f4nia, Marconi e Diva, Gerson e Leda, Naira e Beco, Zez\u00e9, C\u00e9sar, Renato, Osvaldo e Luizel. Estes foram os artes\u00e3os pioneiros desta hist\u00f3ria t\u00e3o importante para todos os artes\u00e3os at\u00e9 os dias de hoje.<\/p><p>Berenice, uma ga\u00facha de Passo Fundo, tinha um prop\u00f3sito maior. Abandonou seu curso de Psicologia antes de concluir o \u00faltimo est\u00e1gio, e Paulo deixou de atuar como professor de Educa\u00e7\u00e3o F\u00edsica concursado do Estado para dedicarem-se totalmente ao artesanato. Paulo produzia brinquedos de madeira, e Berenice dedicou-se \u00e0 pintura em madeira no estilo Bauer (Bauernmalerei), em utens\u00edlios dom\u00e9sticos, placas e demais pe\u00e7as decorativas. Nessa \u00e9poca, Berenice era conhecida como a \u201cArtes\u00e3 M\u00e3e\u201d da Feira de Artesanato do Bom Fim.<\/p><p>Foi um per\u00edodo muito dif\u00edcil. Berenice peregrinou muito entre o poder p\u00fablico, recebeu muitos \u201cn\u00e3os\u201d, foi hostilizada, mas n\u00e3o desistiu. Argumentou, contra-argumentou e continuou a lutar pelo que acreditava: encontrar um lugar central onde os artes\u00e3os pudessem expor seus trabalhos com dignidade e tivessem o devido reconhecimento. At\u00e9 que encontrou o Sr. Ivaldo Gon\u00e7alves, o \u201cMarecha\u201d, professor de Educa\u00e7\u00e3o F\u00edsica do Est\u00e1dio Ramiro Souto, administrado pela Secretaria Municipal de Cultura. Ele ent\u00e3o cedeu a cancha de esportes para uma primeira Mostra de Artesanato.<\/p><p>E foi assim que, em um fim de semana de abril de 1982, nos dias 23 e 24, tornou-se realidade.<\/p><p>Eram 44 artes\u00e3os, duas escolas de artesanato e duas cooperativas \u2014 a turma das ilhas do Gua\u00edba e da Colmeia. Os artes\u00e3os expuseram seus trabalhos ao som da Banda da Brigada Militar, alegrando a popula\u00e7\u00e3o, que foi conferir o evento muito bem divulgado pelos \u00f3rg\u00e3os de comunica\u00e7\u00e3o da cidade.<\/p><p>Como o espa\u00e7o se tornou pequeno, foi necess\u00e1rio reivindicar uma \u00e1rea anexa, \u201ca pracinha\u201d, em frente ao canteiro ocupado atualmente pelo artesanato. Foi ent\u00e3o que o Sr. Jo\u00e3o Mano Jos\u00e9, titular da Secretaria Municipal de Produ\u00e7\u00e3o, Ind\u00fastria e Com\u00e9rcio, em 1982, liberou a pra\u00e7a para a realiza\u00e7\u00e3o da Feira de Artesanato. Por\u00e9m, como a SMIC n\u00e3o era a SMAM (Secretaria Municipal do Meio Ambiente), o grupo de artes\u00e3os n\u00e3o p\u00f4de permanecer naquele espa\u00e7o.<\/p><p>E, como artes\u00e3o n\u00e3o desiste f\u00e1cil, atravessaram a rua permanecendo at\u00e9 os dias atuais. Ali somavam-se 172 artes\u00e3os titulares e cerca de 250 pessoas envolvidas com a Feira de Artesanato do Bom Fim.<\/p><p>Inaugurada oficialmente em 24 de abril de 1982, um ano depois, em 22 de mar\u00e7o de 1983, a Feira foi oficializada atrav\u00e9s do Decreto n\u00ba 8.193.<\/p><p>E a Feira do Bom Fim est\u00e1 de anivers\u00e1rio! Gra\u00e7as \u00e0 perseveran\u00e7a de um grupo de artes\u00e3os que devemos, para sempre, honrar e agradecer.<\/p><p>\u201cO passado sempre far\u00e1 parte da hist\u00f3ria que se vive hoje.\u201dRSY<\/p><p>Texto;\u00a0Rosane T. Lancini Sebastiany<\/p><p>REFER\u00caNCIAS:<\/p><p>JORNAL DA ARTEFIMPorto Alegre, dez.\/83 \u2013 ano 1 \u2013 n\u00ba 1HORA DO BRIC \u2013 p. 4JORNAL DA ARTEFIM \u2013 23 e 24\/04\/83FOLHA DA TARDE \u2013 27 e 28\/03CORREIO DO POVO \u2013 15\/04\/82ZERO HORA \u2013 31\/03<\/p><p>\u00a0<\/p><p>\u00a0<\/p><p>\u00a0<\/p><blockquote><p>\u00a0<\/p><\/blockquote>\t\t\t\t\t\t<\/div>\n\t\t\t\t<\/div>\n\t\t\t\t\t<\/div>\n\t\t\t\t<\/div>\n\t\t\t\t<\/div>\n\t\t","protected":false},"excerpt":{"rendered":"<p>PARAB\u00c9NS \u00c0 FEIRA DE ARTESANATO DO BOM FIM HOJE BRIQUE DA REDEN\u00c7\u00c3O\u00a0PELOS 44 ANOS!! A hist\u00f3ria da atual Feira, a mais conhecida do Sul do Brasil, ponto cl\u00e1ssico da cultura ga\u00facha, o \u201cBrique da Reden\u00e7\u00e3o\u201d, Patrim\u00f4nio Cultural do RS desde 26 de outubro de 2005, atrav\u00e9s da Lei n\u00ba 12.344, sancionada pelo ent\u00e3o governador Germano <\/p>\n","protected":false},"author":2,"featured_media":7771,"comment_status":"open","ping_status":"open","sticky":false,"template":"","format":"standard","meta":{"_acf_changed":false,"footnotes":""},"categories":[91,94,90],"tags":[],"class_list":["post-7765","post","type-post","status-publish","format-standard","has-post-thumbnail","hentry","category-brique","category-noticia","category-ultimas-noticias"],"acf":[],"_links":{"self":[{"href":"https:\/\/briquedaredencao.com.br\/2024\/wp-json\/wp\/v2\/posts\/7765","targetHints":{"allow":["GET"]}}],"collection":[{"href":"https:\/\/briquedaredencao.com.br\/2024\/wp-json\/wp\/v2\/posts"}],"about":[{"href":"https:\/\/briquedaredencao.com.br\/2024\/wp-json\/wp\/v2\/types\/post"}],"author":[{"embeddable":true,"href":"https:\/\/briquedaredencao.com.br\/2024\/wp-json\/wp\/v2\/users\/2"}],"replies":[{"embeddable":true,"href":"https:\/\/briquedaredencao.com.br\/2024\/wp-json\/wp\/v2\/comments?post=7765"}],"version-history":[{"count":9,"href":"https:\/\/briquedaredencao.com.br\/2024\/wp-json\/wp\/v2\/posts\/7765\/revisions"}],"predecessor-version":[{"id":7778,"href":"https:\/\/briquedaredencao.com.br\/2024\/wp-json\/wp\/v2\/posts\/7765\/revisions\/7778"}],"wp:featuredmedia":[{"embeddable":true,"href":"https:\/\/briquedaredencao.com.br\/2024\/wp-json\/wp\/v2\/media\/7771"}],"wp:attachment":[{"href":"https:\/\/briquedaredencao.com.br\/2024\/wp-json\/wp\/v2\/media?parent=7765"}],"wp:term":[{"taxonomy":"category","embeddable":true,"href":"https:\/\/briquedaredencao.com.br\/2024\/wp-json\/wp\/v2\/categories?post=7765"},{"taxonomy":"post_tag","embeddable":true,"href":"https:\/\/briquedaredencao.com.br\/2024\/wp-json\/wp\/v2\/tags?post=7765"}],"curies":[{"name":"wp","href":"https:\/\/api.w.org\/{rel}","templated":true}]}}